{"id":1215,"date":"2011-04-18T10:00:47","date_gmt":"2011-04-18T10:00:47","guid":{"rendered":"http:\/\/www.xpiral.org\/blog\/?p=1215"},"modified":"2011-09-12T11:13:48","modified_gmt":"2011-09-12T11:13:48","slug":"nuevo-proyecto-publicado-en-nuestra-web-xpiral-3","status":"publish","type":"post","link":"http:\/\/wp3.xpiral.org\/?p=1215","title":{"rendered":"Nuevo Proyecto publicado en nuestra web XPIRAL"},"content":{"rendered":"<p><a href=\"http:\/\/www.xpiral.org\/\"><img loading=\"lazy\" decoding=\"async\" class=\"alignleft size-full wp-image-1216\" title=\"yecla\" src=\"http:\/\/www.xpiral.org\/blog\/wp-content\/uploads\/2011\/04\/yecla.jpg\" alt=\"\" width=\"950\" height=\"354\" srcset=\"http:\/\/wp3.xpiral.org\/wp-content\/uploads\/2011\/04\/yecla.jpg 950w, http:\/\/wp3.xpiral.org\/wp-content\/uploads\/2011\/04\/yecla-300x111.jpg 300w\" sizes=\"auto, (max-width: 950px) 100vw, 950px\" \/><\/a><\/p>\n<p><strong>Concurso 2009<\/strong><\/p>\n<p>Centro Polivalente e Intervenci\u00f3n en el parque Ladera Sur del Castillo de Yecla<\/p>\n<p><strong>Localizaci\u00f3n:<\/strong> Yecla, Murcia\u00a0\u00a0\u00a0\u00a0\u00a0\u00a0\u00a0\u00a0\u00a0\u00a0\u00a0\u00a0\u00a0\u00a0\u00a0\u00a0\u00a0\u00a0\u00a0\u00a0\u00a0\u00a0\u00a0\u00a0\u00a0\u00a0\u00a0\u00a0\u00a0\u00a0\u00a0\u00a0\u00a0\u00a0\u00a0\u00a0\u00a0\u00a0\u00a0\u00a0\u00a0\u00a0\u00a0\u00a0\u00a0\u00a0\u00a0\u00a0\u00a0\u00a0\u00a0\u00a0\u00a0\u00a0\u00a0\u00a0\u00a0\u00a0\u00a0\u00a0\u00a0\u00a0\u00a0\u00a0\u00a0\u00a0\u00a0\u00a0\u00a0\u00a0\u00a0\u00a0\u00a0\u00a0\u00a0\u00a0\u00a0\u00a0\u00a0\u00a0\u00a0\u00a0\u00a0\u00a0\u00a0\u00a0 \u00a0 \u00a0 \u00a0 \u00a0 \u00a0 \u00a0 \u00a0 \u00a0 \u00a0 \u00a0 \u00a0 \u00a0 \u00a0 \u00a0 \u00a0 \u00a0 \u00a0 \u00a0 \u00a0 \u00a0 \u00a0 \u00a0 \u00a0\u00a0 \u00a0\u00a0\u00a0\u00a0\u00a0\u00a0\u00a0\u00a0\u00a0\u00a0\u00a0\u00a0\u00a0<strong><\/strong><strong> <\/strong><\/p>\n<p><strong>Arquitecto: <\/strong>Javier Pe\u00f1a Galiano<strong> <\/strong><\/p>\n<p><strong>Colaboradores:<\/strong> Sergio Corredor, Blanca de Juan<\/p>\n<p><!--more-->El proyecto trata de poner los valores propios del paisaje, potenci\u00e1ndolos: la topograf\u00eda, la vegetaci\u00f3n aut\u00f3ctona, los recorridos, los olores, las vistas pr\u00f3ximas y lejanas\u2026<\/p>\n<p><strong>Volumetr\u00eda compacta con multiplicidad espacial<\/strong><\/p>\n<p>El edificio propuesto se alinea a la calle Abad Jos\u00e9 Sola, en la zona de la parcela destinada a equipamiento que no tiene \u00e1rboles. De esta forma preservamos la vegetaci\u00f3n existente y permitimos posibles ampliaciones en otras zonas de la parcela (como pabellones y anexas a partir del vest\u00edbulo).<\/p>\n<p>El edificio tiene una gran dimensi\u00f3n lineal. La variabilidad de usos y geometr\u00eda lo hace un edificio unitario pero nada mon\u00f3tono.<\/p>\n<p><!--more--><\/p>\n","protected":false},"excerpt":{"rendered":"<p>Concurso 2009 Centro Polivalente e Intervenci\u00f3n en el parque Ladera Sur del Castillo de Yecla Localizaci\u00f3n: Yecla, Murcia\u00a0\u00a0\u00a0\u00a0\u00a0\u00a0\u00a0\u00a0\u00a0\u00a0\u00a0\u00a0\u00a0\u00a0\u00a0\u00a0\u00a0\u00a0\u00a0\u00a0\u00a0\u00a0\u00a0\u00a0\u00a0\u00a0\u00a0\u00a0\u00a0\u00a0\u00a0\u00a0\u00a0\u00a0\u00a0\u00a0\u00a0\u00a0\u00a0\u00a0\u00a0\u00a0\u00a0\u00a0\u00a0\u00a0\u00a0\u00a0\u00a0\u00a0\u00a0\u00a0\u00a0\u00a0\u00a0\u00a0\u00a0\u00a0\u00a0\u00a0\u00a0\u00a0\u00a0\u00a0\u00a0\u00a0\u00a0\u00a0\u00a0\u00a0\u00a0\u00a0\u00a0\u00a0\u00a0\u00a0\u00a0\u00a0\u00a0\u00a0\u00a0\u00a0\u00a0\u00a0\u00a0\u00a0 \u00a0 \u00a0 \u00a0 \u00a0 \u00a0 \u00a0 \u00a0 \u00a0 \u00a0 \u00a0 \u00a0 \u00a0 \u00a0 \u00a0 \u00a0 \u00a0 \u00a0 \u00a0 \u00a0 \u00a0 \u00a0 \u00a0 \u00a0\u00a0 \u00a0\u00a0\u00a0\u00a0\u00a0\u00a0\u00a0\u00a0\u00a0\u00a0\u00a0\u00a0\u00a0 Arquitecto: Javier Pe\u00f1a Galiano Colaboradores: Sergio Corredor, Blanca de Juan<\/p>\n","protected":false},"author":1,"featured_media":1765,"comment_status":"open","ping_status":"open","sticky":false,"template":"","format":"standard","meta":{"footnotes":""},"categories":[9],"tags":[],"class_list":["post-1215","post","type-post","status-publish","format-standard","has-post-thumbnail","hentry","category-proyectos"],"_links":{"self":[{"href":"http:\/\/wp3.xpiral.org\/index.php?rest_route=\/wp\/v2\/posts\/1215","targetHints":{"allow":["GET"]}}],"collection":[{"href":"http:\/\/wp3.xpiral.org\/index.php?rest_route=\/wp\/v2\/posts"}],"about":[{"href":"http:\/\/wp3.xpiral.org\/index.php?rest_route=\/wp\/v2\/types\/post"}],"author":[{"embeddable":true,"href":"http:\/\/wp3.xpiral.org\/index.php?rest_route=\/wp\/v2\/users\/1"}],"replies":[{"embeddable":true,"href":"http:\/\/wp3.xpiral.org\/index.php?rest_route=%2Fwp%2Fv2%2Fcomments&post=1215"}],"version-history":[{"count":10,"href":"http:\/\/wp3.xpiral.org\/index.php?rest_route=\/wp\/v2\/posts\/1215\/revisions"}],"predecessor-version":[{"id":1767,"href":"http:\/\/wp3.xpiral.org\/index.php?rest_route=\/wp\/v2\/posts\/1215\/revisions\/1767"}],"wp:featuredmedia":[{"embeddable":true,"href":"http:\/\/wp3.xpiral.org\/index.php?rest_route=\/wp\/v2\/media\/1765"}],"wp:attachment":[{"href":"http:\/\/wp3.xpiral.org\/index.php?rest_route=%2Fwp%2Fv2%2Fmedia&parent=1215"}],"wp:term":[{"taxonomy":"category","embeddable":true,"href":"http:\/\/wp3.xpiral.org\/index.php?rest_route=%2Fwp%2Fv2%2Fcategories&post=1215"},{"taxonomy":"post_tag","embeddable":true,"href":"http:\/\/wp3.xpiral.org\/index.php?rest_route=%2Fwp%2Fv2%2Ftags&post=1215"}],"curies":[{"name":"wp","href":"https:\/\/api.w.org\/{rel}","templated":true}]}}