{"id":1377,"date":"2011-06-15T10:13:02","date_gmt":"2011-06-15T10:13:02","guid":{"rendered":"http:\/\/www.xpiral.org\/blog\/?p=1377"},"modified":"2011-09-09T11:28:26","modified_gmt":"2011-09-09T11:28:26","slug":"conferencia-de-javier-pena-en-panama","status":"publish","type":"post","link":"http:\/\/wp3.xpiral.org\/?p=1377","title":{"rendered":"Conferencia &#8216;Innovaci\u00f3n Abierta&#8217; en Panam\u00e1"},"content":{"rendered":"<p><a href=\"http:\/\/innovacionabierta.org\/\"><img loading=\"lazy\" decoding=\"async\" class=\"alignleft size-full wp-image-1378\" title=\"exposici\u00f3n panam\u00e1\" src=\"http:\/\/www.xpiral.org\/blog\/wp-content\/uploads\/2011\/06\/expo-panama.jpg\" alt=\"\" width=\"950\" height=\"354\" srcset=\"http:\/\/wp3.xpiral.org\/wp-content\/uploads\/2011\/06\/expo-panama.jpg 950w, http:\/\/wp3.xpiral.org\/wp-content\/uploads\/2011\/06\/expo-panama-300x111.jpg 300w\" sizes=\"auto, (max-width: 950px) 100vw, 950px\" \/><\/a><\/p>\n<p style=\"text-align: justify;\">Xpiral se va a \u00a0Panam\u00e1 este pr\u00f3ximo 23 de junio con la exposici\u00f3n\u00a0<strong><a href=\"http:\/\/innovacionabierta.org\/\">Innovaci\u00f3n Abierta<\/a>. Arquitectura espa\u00f1ola  contempor\u00e1nea.<\/strong><\/p>\n<p style=\"text-align: justify;\">En esta exposici\u00f3n comisariada por Ariadna Cantis y Enric Ruiz Geli los Arquitectos invitados son:<\/p>\n<p style=\"text-align: justify;\">Izaskun Chinchilla Moreno, Jos\u00e9 Mar\u00eda Ezquiaga Domingez, Carlos Ferrater &#8211; Xabier Marti Guallard Architects, Herreros Arquitectos, Andr\u00e9s Jaque, Francisco Mangado, Mansilla y Tu\u00f1\u00f3n Arquitectos, Jos\u00e9 Antonio Mart\u00ednez Lape\u00f1a- El\u00edas Torres Tur, Josep Lluis Mateo- Mateo arquitectos, Rafael Moneo- Brock Studio, Carme Pin\u00f3s Desplat, Enric Ruiz-Geli- Cloud 9, Jos\u00e9 Selgas- Lucia Ca\u00f1o, Federico Soriano- Dolores Palacios, Benedetta Tagliabue, Jos\u00e9 M\u00aa Torres Nadal, Xpiral Arquitectos<strong> &#8211;<\/strong> MTM Arquitectos, Alejandro Zaera Polo- Farshid Moussavi.<\/p>\n<p style=\"text-align: justify;\"><strong><!--more-->Javier Pe\u00f1a<\/strong> expondr\u00e1 la Plaza Pormetxeta de Barakaldo (de Javier Pe\u00f1a y MTM arquitectos) y la casa de los pinos<\/p>\n<p style=\"text-align: justify;\">La exposici\u00f3n tendr\u00e1 lugar :<\/p>\n<p style=\"text-align: justify;\">Museo del Canal Interoce\u00e1nico de Panam\u00e1<\/p>\n<p style=\"text-align: justify;\">Junio 24 Julio\u00a0\u00a0\u00a0\u00a0\u00a0\u00a0\u00a0\u00a0\u00a0\u00a0\u00a0\u00a0\u00a0\u00a0\u00a0\u00a0\u00a0\u00a0\u00a0\u00a0\u00a0\u00a0\u00a0\u00a0\u00a0\u00a0\u00a0\u00a0\u00a0\u00a0\u00a0\u00a0\u00a0\u00a0\u00a0\u00a0\u00a0\u00a0\u00a0\u00a0\u00a0\u00a0\u00a0\u00a0\u00a0\u00a0\u00a0\u00a0\u00a0\u00a0\u00a0\u00a0\u00a0\u00a0\u00a0\u00a0\u00a0\u00a0\u00a0\u00a0\u00a0\u00a0\u00a0\u00a0\u00a0\u00a0\u00a0\u00a0\u00a0\u00a0\u00a0\u00a0\u00a0\u00a0\u00a0\u00a0\u00a0\u00a0\u00a0\u00a0\u00a0\u00a0\u00a0\u00a0\u00a0\u00a0\u00a0\u00a0\u00a0\u00a0\u00a0\u00a0\u00a0\u00a0\u00a0\u00a0\u00a0\u00a0\u00a0\u00a0\u00a0\u00a0\u00a0\u00a0\u00a0\u00a0\u00a0\u00a0\u00a0\u00a0\u00a0\u00a0\u00a0\u00a0 \u00a0 \u00a0 \u00a0 \u00a0 \u00a0 \u00a0 \u00a0 \u00a0 \u00a0 \u00a0 \u00a0 \u00a0 \u00a0 \u00a0 \u00a0 \u00a0 \u00a0 \u00a0 \u00a0 \u00a0 \u00a0 \u00a0 \u00a0 \u00a0 \u00a0 \u00a0 \u00a0 \u00a0\u00a0\u00a0\u00a0\u00a0 Ciudad de Panam\u00e1<\/p>\n","protected":false},"excerpt":{"rendered":"<p>Xpiral se va a \u00a0Panam\u00e1 este pr\u00f3ximo 23 de junio con la exposici\u00f3n\u00a0Innovaci\u00f3n Abierta. Arquitectura espa\u00f1ola contempor\u00e1nea. En esta exposici\u00f3n comisariada por Ariadna Cantis y Enric Ruiz Geli los Arquitectos invitados son: Izaskun Chinchilla Moreno, Jos\u00e9 Mar\u00eda Ezquiaga Domingez, Carlos Ferrater &#8211; Xabier Marti Guallard Architects, Herreros Arquitectos, Andr\u00e9s Jaque, Francisco Mangado, Mansilla y Tu\u00f1\u00f3n [&hellip;]<\/p>\n","protected":false},"author":1,"featured_media":1727,"comment_status":"open","ping_status":"open","sticky":false,"template":"","format":"standard","meta":{"footnotes":""},"categories":[5,6],"tags":[13,14],"class_list":["post-1377","post","type-post","status-publish","format-standard","has-post-thumbnail","hentry","category-conferencias","category-exposiciones","tag-barakaldo-pormetxeta","tag-casa-de-los-pinos"],"_links":{"self":[{"href":"http:\/\/wp3.xpiral.org\/index.php?rest_route=\/wp\/v2\/posts\/1377","targetHints":{"allow":["GET"]}}],"collection":[{"href":"http:\/\/wp3.xpiral.org\/index.php?rest_route=\/wp\/v2\/posts"}],"about":[{"href":"http:\/\/wp3.xpiral.org\/index.php?rest_route=\/wp\/v2\/types\/post"}],"author":[{"embeddable":true,"href":"http:\/\/wp3.xpiral.org\/index.php?rest_route=\/wp\/v2\/users\/1"}],"replies":[{"embeddable":true,"href":"http:\/\/wp3.xpiral.org\/index.php?rest_route=%2Fwp%2Fv2%2Fcomments&post=1377"}],"version-history":[{"count":13,"href":"http:\/\/wp3.xpiral.org\/index.php?rest_route=\/wp\/v2\/posts\/1377\/revisions"}],"predecessor-version":[{"id":1728,"href":"http:\/\/wp3.xpiral.org\/index.php?rest_route=\/wp\/v2\/posts\/1377\/revisions\/1728"}],"wp:featuredmedia":[{"embeddable":true,"href":"http:\/\/wp3.xpiral.org\/index.php?rest_route=\/wp\/v2\/media\/1727"}],"wp:attachment":[{"href":"http:\/\/wp3.xpiral.org\/index.php?rest_route=%2Fwp%2Fv2%2Fmedia&parent=1377"}],"wp:term":[{"taxonomy":"category","embeddable":true,"href":"http:\/\/wp3.xpiral.org\/index.php?rest_route=%2Fwp%2Fv2%2Fcategories&post=1377"},{"taxonomy":"post_tag","embeddable":true,"href":"http:\/\/wp3.xpiral.org\/index.php?rest_route=%2Fwp%2Fv2%2Ftags&post=1377"}],"curies":[{"name":"wp","href":"https:\/\/api.w.org\/{rel}","templated":true}]}}