{"id":1915,"date":"2011-09-15T11:26:04","date_gmt":"2011-09-15T11:26:04","guid":{"rendered":"http:\/\/www.xpiral.org\/blog\/?p=1915"},"modified":"2011-09-15T11:37:20","modified_gmt":"2011-09-15T11:37:20","slug":"publicacion-en-materiales-ceramicos-vi-edicion","status":"publish","type":"post","link":"http:\/\/wp3.xpiral.org\/?p=1915","title":{"rendered":"Publicaci\u00f3n en Materiales Cer\u00e1micos Sexta Edici\u00f3n."},"content":{"rendered":"<p><a href=\"http:\/\/www.uic.es\/es\/news?id_noti=2358\"><img loading=\"lazy\" decoding=\"async\" class=\"alignleft size-full wp-image-1916\" title=\"MATERIALES CER\u00c1MICOS\" src=\"http:\/\/www.xpiral.org\/blog\/wp-content\/uploads\/2011\/09\/MATERIALES-CER\u00c1MICOS.jpg\" alt=\"\" width=\"950\" height=\"354\" srcset=\"http:\/\/wp3.xpiral.org\/wp-content\/uploads\/2011\/09\/MATERIALES-CER\u00c1MICOS.jpg 950w, http:\/\/wp3.xpiral.org\/wp-content\/uploads\/2011\/09\/MATERIALES-CER\u00c1MICOS-310x115.jpg 310w, http:\/\/wp3.xpiral.org\/wp-content\/uploads\/2011\/09\/MATERIALES-CER\u00c1MICOS-300x111.jpg 300w\" sizes=\"auto, (max-width: 950px) 100vw, 950px\" \/><\/a><\/p>\n<p>La Escuela T\u00e9cnica Superior de Arquitectura (ESARQ) de la UIC ha editado un libro, Materiales Cer\u00e1micos VI, donde se recopilan todos los trabajos realizados por los alumnos de la VI edici\u00f3n de la C\u00e1tedra de Cer\u00e1mica, correspondiente al curso 2009-2010.<\/p>\n<p>La C\u00e1tedra Cer\u00e1mica de la ESARQ est\u00e1 impulsada por ASCER (Asociaci\u00f3n Espa\u00f1ola de Fabricantes de Azulejos y Pavimentos Cer\u00e1micos) y tiene por objeto facilitar el acercamiento entre la industria azulejera espa\u00f1ola y el entorno universitario, estimulando el conocimiento mutuo.<\/p>\n<p>La UIC fue la primera universidad en acoger esta c\u00e1tedra pionera en Espa\u00f1a, dirigida por el arquitecto y director de la ESARQ, Vicente Sarrablo. La C\u00e1tedra, que en octubre inici\u00f3 su s\u00e9ptima edici\u00f3n, pretende ofrecer a los alumnos un foro de intercambio de conocimientos y una formaci\u00f3n pr\u00e1ctica que refuerce y ampl\u00ede el conocimiento del azulejo y sus aplicaciones entre estos futuros profesionales.<\/p>\n<p>Invitados \/ Conferencias: Frank Barkow, Cristina D\u00edaz\/ Efr\u00e9n Garc\u00eda, Xavier Mart\u00edn, <strong>Javier Pe\u00f1a<\/strong><strong>,<\/strong> Carme Pin\u00f3s, M\u00f3nica Rivera y C\u00e9sar Ruiz-Larrea.<\/p>\n","protected":false},"excerpt":{"rendered":"<p>La Escuela T\u00e9cnica Superior de Arquitectura (ESARQ) de la UIC ha editado un libro, Materiales Cer\u00e1micos VI, donde se recopilan todos los trabajos realizados por los alumnos de la VI edici\u00f3n de la C\u00e1tedra de Cer\u00e1mica, correspondiente al curso 2009-2010. La C\u00e1tedra Cer\u00e1mica de la ESARQ est\u00e1 impulsada por ASCER (Asociaci\u00f3n Espa\u00f1ola de Fabricantes de [&hellip;]<\/p>\n","protected":false},"author":1,"featured_media":1917,"comment_status":"open","ping_status":"open","sticky":false,"template":"","format":"standard","meta":{"footnotes":""},"categories":[10],"tags":[],"class_list":["post-1915","post","type-post","status-publish","format-standard","has-post-thumbnail","hentry","category-publicaciones"],"_links":{"self":[{"href":"http:\/\/wp3.xpiral.org\/index.php?rest_route=\/wp\/v2\/posts\/1915","targetHints":{"allow":["GET"]}}],"collection":[{"href":"http:\/\/wp3.xpiral.org\/index.php?rest_route=\/wp\/v2\/posts"}],"about":[{"href":"http:\/\/wp3.xpiral.org\/index.php?rest_route=\/wp\/v2\/types\/post"}],"author":[{"embeddable":true,"href":"http:\/\/wp3.xpiral.org\/index.php?rest_route=\/wp\/v2\/users\/1"}],"replies":[{"embeddable":true,"href":"http:\/\/wp3.xpiral.org\/index.php?rest_route=%2Fwp%2Fv2%2Fcomments&post=1915"}],"version-history":[{"count":3,"href":"http:\/\/wp3.xpiral.org\/index.php?rest_route=\/wp\/v2\/posts\/1915\/revisions"}],"predecessor-version":[{"id":1920,"href":"http:\/\/wp3.xpiral.org\/index.php?rest_route=\/wp\/v2\/posts\/1915\/revisions\/1920"}],"wp:featuredmedia":[{"embeddable":true,"href":"http:\/\/wp3.xpiral.org\/index.php?rest_route=\/wp\/v2\/media\/1917"}],"wp:attachment":[{"href":"http:\/\/wp3.xpiral.org\/index.php?rest_route=%2Fwp%2Fv2%2Fmedia&parent=1915"}],"wp:term":[{"taxonomy":"category","embeddable":true,"href":"http:\/\/wp3.xpiral.org\/index.php?rest_route=%2Fwp%2Fv2%2Fcategories&post=1915"},{"taxonomy":"post_tag","embeddable":true,"href":"http:\/\/wp3.xpiral.org\/index.php?rest_route=%2Fwp%2Fv2%2Ftags&post=1915"}],"curies":[{"name":"wp","href":"https:\/\/api.w.org\/{rel}","templated":true}]}}