{"id":3239,"date":"2013-06-07T13:14:21","date_gmt":"2013-06-07T13:14:21","guid":{"rendered":"http:\/\/www.xpiral.org\/blog\/?p=3239"},"modified":"2013-06-11T12:32:39","modified_gmt":"2013-06-11T12:32:39","slug":"award-ceremony-2013-25th-anniversary-celebration","status":"publish","type":"post","link":"http:\/\/wp3.xpiral.org\/?p=3239","title":{"rendered":"Award Ceremony 2013 &#038; 25th Anniversary Celebration"},"content":{"rendered":"<p><a href=\"http:\/\/www.xpiral.org\/blog\/wp-content\/uploads\/2013\/06\/exposicion_mies-van-der-rohe_plaza-pormetxeta_01.jpg\"><img loading=\"lazy\" decoding=\"async\" class=\"alignleft size-full wp-image-3259\" title=\"exposicion_mies van der rohe_plaza pormetxeta_01\" src=\"http:\/\/www.xpiral.org\/blog\/wp-content\/uploads\/2013\/06\/exposicion_mies-van-der-rohe_plaza-pormetxeta_01.jpg\" alt=\"\" width=\"950\" height=\"354\" srcset=\"http:\/\/wp3.xpiral.org\/wp-content\/uploads\/2013\/06\/exposicion_mies-van-der-rohe_plaza-pormetxeta_01.jpg 950w, http:\/\/wp3.xpiral.org\/wp-content\/uploads\/2013\/06\/exposicion_mies-van-der-rohe_plaza-pormetxeta_01-310x115.jpg 310w, http:\/\/wp3.xpiral.org\/wp-content\/uploads\/2013\/06\/exposicion_mies-van-der-rohe_plaza-pormetxeta_01-300x111.jpg 300w\" sizes=\"auto, (max-width: 950px) 100vw, 950px\" \/><\/a><\/p>\n<p>Acto de entrega del Premios de Arquitectura Contempor\u00e1nea  de la Uni\u00f3n Europea &#8211; Premios Mies van der Rohe 2013 y de la Menci\u00f3n  Especial Arquitecto Emergente.<\/p>\n<p><a href=\"http:\/\/www.xpiral.org\/blog\/wp-content\/uploads\/2013\/06\/exposicion_mies-van-der-rohe_plaza-pormetxeta_00031.jpg\"><img loading=\"lazy\" decoding=\"async\" class=\"alignleft size-full wp-image-3263\" title=\"exposicion_mies van der rohe_plaza pormetxeta_0003\" src=\"http:\/\/www.xpiral.org\/blog\/wp-content\/uploads\/2013\/06\/exposicion_mies-van-der-rohe_plaza-pormetxeta_00031.jpg\" alt=\"\" width=\"950\" height=\"354\" srcset=\"http:\/\/wp3.xpiral.org\/wp-content\/uploads\/2013\/06\/exposicion_mies-van-der-rohe_plaza-pormetxeta_00031.jpg 950w, http:\/\/wp3.xpiral.org\/wp-content\/uploads\/2013\/06\/exposicion_mies-van-der-rohe_plaza-pormetxeta_00031-310x115.jpg 310w, http:\/\/wp3.xpiral.org\/wp-content\/uploads\/2013\/06\/exposicion_mies-van-der-rohe_plaza-pormetxeta_00031-300x111.jpg 300w\" sizes=\"auto, (max-width: 950px) 100vw, 950px\" \/><\/a><a href=\"http:\/\/www.xpiral.org\/blog\/wp-content\/uploads\/2013\/06\/exposicion_mies-van-der-rohe_plaza-pormetxeta_0004.jpg\"><img loading=\"lazy\" decoding=\"async\" class=\"alignleft size-full wp-image-3261\" title=\"exposicion_mies van der rohe_plaza pormetxeta_0004\" src=\"http:\/\/www.xpiral.org\/blog\/wp-content\/uploads\/2013\/06\/exposicion_mies-van-der-rohe_plaza-pormetxeta_0004.jpg\" alt=\"\" width=\"950\" height=\"354\" srcset=\"http:\/\/wp3.xpiral.org\/wp-content\/uploads\/2013\/06\/exposicion_mies-van-der-rohe_plaza-pormetxeta_0004.jpg 950w, http:\/\/wp3.xpiral.org\/wp-content\/uploads\/2013\/06\/exposicion_mies-van-der-rohe_plaza-pormetxeta_0004-310x115.jpg 310w, http:\/\/wp3.xpiral.org\/wp-content\/uploads\/2013\/06\/exposicion_mies-van-der-rohe_plaza-pormetxeta_0004-300x111.jpg 300w\" sizes=\"auto, (max-width: 950px) 100vw, 950px\" \/><\/a><\/p>\n<p><strong>Plaza Pormetxeta Mod<\/strong><strong>el <\/strong>by <a href=\"http:\/\/www.xpiral.org\/\">XPIRAL<\/a> + <a href=\"http:\/\/www.mtmarquitectos.com\/\">MTM Architects<\/a><\/p>\n<p><a href=\"http:\/\/www.xpiral.org\/blog\/wp-content\/uploads\/2013\/06\/exposicion_mies-van-der-rohe_plaza-pormetxeta_0005.jpg\"><img loading=\"lazy\" decoding=\"async\" class=\"alignleft size-full wp-image-3262\" title=\"exposicion_mies van der rohe_plaza pormetxeta_0005\" src=\"http:\/\/www.xpiral.org\/blog\/wp-content\/uploads\/2013\/06\/exposicion_mies-van-der-rohe_plaza-pormetxeta_0005.jpg\" alt=\"\" width=\"950\" height=\"354\" srcset=\"http:\/\/wp3.xpiral.org\/wp-content\/uploads\/2013\/06\/exposicion_mies-van-der-rohe_plaza-pormetxeta_0005.jpg 950w, http:\/\/wp3.xpiral.org\/wp-content\/uploads\/2013\/06\/exposicion_mies-van-der-rohe_plaza-pormetxeta_0005-310x115.jpg 310w, http:\/\/wp3.xpiral.org\/wp-content\/uploads\/2013\/06\/exposicion_mies-van-der-rohe_plaza-pormetxeta_0005-300x111.jpg 300w\" sizes=\"auto, (max-width: 950px) 100vw, 950px\" \/><\/a><\/p>\n<p>&nbsp;<\/p>\n<p><a href=\"http:\/\/www.xpiral.org\/blog\/wp-content\/uploads\/2013\/06\/flayer_mies-vande-rohe_plaza-pormetxeta_01.jpg\"><img loading=\"lazy\" decoding=\"async\" class=\"alignleft size-full wp-image-3266\" title=\"flayer_mies vande rohe_plaza pormetxeta_01\" src=\"http:\/\/www.xpiral.org\/blog\/wp-content\/uploads\/2013\/06\/flayer_mies-vande-rohe_plaza-pormetxeta_01.jpg\" alt=\"\" width=\"950\" height=\"500\" srcset=\"http:\/\/wp3.xpiral.org\/wp-content\/uploads\/2013\/06\/flayer_mies-vande-rohe_plaza-pormetxeta_01.jpg 950w, http:\/\/wp3.xpiral.org\/wp-content\/uploads\/2013\/06\/flayer_mies-vande-rohe_plaza-pormetxeta_01-285x150.jpg 285w, http:\/\/wp3.xpiral.org\/wp-content\/uploads\/2013\/06\/flayer_mies-vande-rohe_plaza-pormetxeta_01-300x157.jpg 300w\" sizes=\"auto, (max-width: 950px) 100vw, 950px\" \/><\/a><a href=\"http:\/\/www.xpiral.org\/blog\/wp-content\/uploads\/2013\/06\/flayer_mies-vande-rohe_plaza-pormetxeta_02.jpg\"><img loading=\"lazy\" decoding=\"async\" class=\"alignleft size-full wp-image-3269\" title=\"flayer_mies vande rohe_plaza pormetxeta_02\" src=\"http:\/\/www.xpiral.org\/blog\/wp-content\/uploads\/2013\/06\/flayer_mies-vande-rohe_plaza-pormetxeta_02.jpg\" alt=\"\" width=\"950\" height=\"500\" srcset=\"http:\/\/wp3.xpiral.org\/wp-content\/uploads\/2013\/06\/flayer_mies-vande-rohe_plaza-pormetxeta_02.jpg 950w, http:\/\/wp3.xpiral.org\/wp-content\/uploads\/2013\/06\/flayer_mies-vande-rohe_plaza-pormetxeta_02-285x150.jpg 285w, http:\/\/wp3.xpiral.org\/wp-content\/uploads\/2013\/06\/flayer_mies-vande-rohe_plaza-pormetxeta_02-300x157.jpg 300w\" sizes=\"auto, (max-width: 950px) 100vw, 950px\" \/><\/a>Flayer de la exposici\u00f3n &#8220;Constructing Europe 25 a\u00f1os de arquitectura&#8221;, con un total de 174 maquetas expuestas.<\/p>\n<p>La n\u00famero 012: <strong>Plaza Pormetxeta<\/strong> (Barakaldo) by XPIRAL + MTM Aquitectos<\/p>\n","protected":false},"excerpt":{"rendered":"<p>Acto de entrega del Premios de Arquitectura Contempor\u00e1nea de la Uni\u00f3n Europea &#8211; Premios Mies van der Rohe 2013 y de la Menci\u00f3n Especial Arquitecto Emergente. Plaza Pormetxeta Model by XPIRAL + MTM Architects &nbsp; Flayer de la exposici\u00f3n &#8220;Constructing Europe 25 a\u00f1os de arquitectura&#8221;, con un total de 174 maquetas expuestas. La n\u00famero 012: [&hellip;]<\/p>\n","protected":false},"author":1,"featured_media":0,"comment_status":"open","ping_status":"open","sticky":false,"template":"","format":"standard","meta":{"footnotes":""},"categories":[6],"tags":[47],"class_list":["post-3239","post","type-post","status-publish","format-standard","hentry","category-exposiciones","tag-plaza-pormetxeta"],"_links":{"self":[{"href":"http:\/\/wp3.xpiral.org\/index.php?rest_route=\/wp\/v2\/posts\/3239","targetHints":{"allow":["GET"]}}],"collection":[{"href":"http:\/\/wp3.xpiral.org\/index.php?rest_route=\/wp\/v2\/posts"}],"about":[{"href":"http:\/\/wp3.xpiral.org\/index.php?rest_route=\/wp\/v2\/types\/post"}],"author":[{"embeddable":true,"href":"http:\/\/wp3.xpiral.org\/index.php?rest_route=\/wp\/v2\/users\/1"}],"replies":[{"embeddable":true,"href":"http:\/\/wp3.xpiral.org\/index.php?rest_route=%2Fwp%2Fv2%2Fcomments&post=3239"}],"version-history":[{"count":9,"href":"http:\/\/wp3.xpiral.org\/index.php?rest_route=\/wp\/v2\/posts\/3239\/revisions"}],"predecessor-version":[{"id":3257,"href":"http:\/\/wp3.xpiral.org\/index.php?rest_route=\/wp\/v2\/posts\/3239\/revisions\/3257"}],"wp:attachment":[{"href":"http:\/\/wp3.xpiral.org\/index.php?rest_route=%2Fwp%2Fv2%2Fmedia&parent=3239"}],"wp:term":[{"taxonomy":"category","embeddable":true,"href":"http:\/\/wp3.xpiral.org\/index.php?rest_route=%2Fwp%2Fv2%2Fcategories&post=3239"},{"taxonomy":"post_tag","embeddable":true,"href":"http:\/\/wp3.xpiral.org\/index.php?rest_route=%2Fwp%2Fv2%2Ftags&post=3239"}],"curies":[{"name":"wp","href":"https:\/\/api.w.org\/{rel}","templated":true}]}}