{"id":3320,"date":"2013-07-19T13:01:54","date_gmt":"2013-07-19T13:01:54","guid":{"rendered":"http:\/\/www.xpiral.org\/blog\/?p=3320"},"modified":"2013-07-23T08:48:45","modified_gmt":"2013-07-23T08:48:45","slug":"exposicion-kiyfe-korean-institute-of-youth-facilities-en-seul","status":"publish","type":"post","link":"http:\/\/wp3.xpiral.org\/?p=3320","title":{"rendered":"Exposici\u00f3n KIYFE Korean Institute of Youth Facilities en Se\u00fal"},"content":{"rendered":"<p><strong>ART<a href=\"http:\/\/www.xpiral.org\/blog\/wp-content\/uploads\/2013\/07\/international-exhibition-Seoul-_KIYFE_comunication.jpg\"><img loading=\"lazy\" decoding=\"async\" class=\"alignleft size-full wp-image-3330\" title=\"international exhibition Seoul _KIYFE_comunication\" src=\"http:\/\/www.xpiral.org\/blog\/wp-content\/uploads\/2013\/07\/international-exhibition-Seoul-_KIYFE_comunication.jpg\" alt=\"\" width=\"950\" height=\"780\" srcset=\"http:\/\/wp3.xpiral.org\/wp-content\/uploads\/2013\/07\/international-exhibition-Seoul-_KIYFE_comunication.jpg 950w, http:\/\/wp3.xpiral.org\/wp-content\/uploads\/2013\/07\/international-exhibition-Seoul-_KIYFE_comunication-182x150.jpg 182w, http:\/\/wp3.xpiral.org\/wp-content\/uploads\/2013\/07\/international-exhibition-Seoul-_KIYFE_comunication-300x246.jpg 300w\" sizes=\"auto, (max-width: 950px) 100vw, 950px\" \/><\/a><\/strong><strong>\u00cdSTAS INVITADO<\/strong><strong>S<\/strong><\/p>\n<p><a href=\"http:\/\/www.xpiral.org\/\">Javier Pe\u00f1a Galiano<\/a> &#8216;Torreag\u00fcera Atresados&#8217;<\/p>\n<p><a href=\"http:\/\/www.xpiral.org\/blog\/wp-content\/uploads\/2013\/07\/international-exhibition-Seoul-_KIYFE_comunication4.jpg\"><img loading=\"lazy\" decoding=\"async\" class=\"alignleft size-full wp-image-3334\" title=\"international exhibition Seoul _KIYFE_comunication4\" src=\"http:\/\/www.xpiral.org\/blog\/wp-content\/uploads\/2013\/07\/international-exhibition-Seoul-_KIYFE_comunication4.jpg\" alt=\"\" width=\"950\" height=\"780\" srcset=\"http:\/\/wp3.xpiral.org\/wp-content\/uploads\/2013\/07\/international-exhibition-Seoul-_KIYFE_comunication4.jpg 950w, http:\/\/wp3.xpiral.org\/wp-content\/uploads\/2013\/07\/international-exhibition-Seoul-_KIYFE_comunication4-182x150.jpg 182w, http:\/\/wp3.xpiral.org\/wp-content\/uploads\/2013\/07\/international-exhibition-Seoul-_KIYFE_comunication4-300x246.jpg 300w\" sizes=\"auto, (max-width: 950px) 100vw, 950px\" \/><\/a><a href=\"http:\/\/www.magicarch.es\/\">Magicarch<\/a> &#8216;Water Tuning&#8217;<\/p>\n<p><a href=\"http:\/\/www.xpiral.org\/blog\/wp-content\/uploads\/2013\/07\/international-exhibition-Seoul-_KIYFE_comunication1.jpg\"><img loading=\"lazy\" decoding=\"async\" class=\"alignleft size-full wp-image-3331\" title=\"international exhibition Seoul _KIYFE_comunication1\" src=\"http:\/\/www.xpiral.org\/blog\/wp-content\/uploads\/2013\/07\/international-exhibition-Seoul-_KIYFE_comunication1.jpg\" alt=\"\" width=\"950\" height=\"780\" srcset=\"http:\/\/wp3.xpiral.org\/wp-content\/uploads\/2013\/07\/international-exhibition-Seoul-_KIYFE_comunication1.jpg 950w, http:\/\/wp3.xpiral.org\/wp-content\/uploads\/2013\/07\/international-exhibition-Seoul-_KIYFE_comunication1-182x150.jpg 182w, http:\/\/wp3.xpiral.org\/wp-content\/uploads\/2013\/07\/international-exhibition-Seoul-_KIYFE_comunication1-300x246.jpg 300w\" sizes=\"auto, (max-width: 950px) 100vw, 950px\" \/><\/a><\/p>\n<p>&nbsp;<\/p>\n<p><a href=\"http:\/\/www.abalos-sentkiewicz.com\/\">Abalos-Sentikiewicz<\/a> &#8216;High Speed Train Logro\u00f1o&#8217;<a href=\"http:\/\/www.xpiral.org\/blog\/wp-content\/uploads\/2013\/07\/international-exhibition-Seoul-_KIYFE_comunication3.jpg\"><img loading=\"lazy\" decoding=\"async\" class=\"alignleft size-full wp-image-3333\" title=\"international exhibition Seoul _KIYFE_comunication3\" src=\"http:\/\/www.xpiral.org\/blog\/wp-content\/uploads\/2013\/07\/international-exhibition-Seoul-_KIYFE_comunication3.jpg\" alt=\"\" width=\"950\" height=\"780\" srcset=\"http:\/\/wp3.xpiral.org\/wp-content\/uploads\/2013\/07\/international-exhibition-Seoul-_KIYFE_comunication3.jpg 950w, http:\/\/wp3.xpiral.org\/wp-content\/uploads\/2013\/07\/international-exhibition-Seoul-_KIYFE_comunication3-182x150.jpg 182w, http:\/\/wp3.xpiral.org\/wp-content\/uploads\/2013\/07\/international-exhibition-Seoul-_KIYFE_comunication3-300x246.jpg 300w\" sizes=\"auto, (max-width: 950px) 100vw, 950px\" \/><\/a><\/p>\n<p><a href=\"http:\/\/www.cero9.com\/\">AMID cero9<\/a> &#8216;Cherry Tree Pavillion&#8217;<\/p>\n<p><a href=\"http:\/\/www.xpiral.org\/blog\/wp-content\/uploads\/2013\/07\/international-exhibition-Seoul-_KIYFE_comunication5.jpg\"><img loading=\"lazy\" decoding=\"async\" class=\"alignleft size-full wp-image-3335\" title=\"international exhibition Seoul _KIYFE_comunication5\" src=\"http:\/\/www.xpiral.org\/blog\/wp-content\/uploads\/2013\/07\/international-exhibition-Seoul-_KIYFE_comunication5.jpg\" alt=\"\" width=\"950\" height=\"780\" srcset=\"http:\/\/wp3.xpiral.org\/wp-content\/uploads\/2013\/07\/international-exhibition-Seoul-_KIYFE_comunication5.jpg 950w, http:\/\/wp3.xpiral.org\/wp-content\/uploads\/2013\/07\/international-exhibition-Seoul-_KIYFE_comunication5-182x150.jpg 182w, http:\/\/wp3.xpiral.org\/wp-content\/uploads\/2013\/07\/international-exhibition-Seoul-_KIYFE_comunication5-300x246.jpg 300w\" sizes=\"auto, (max-width: 950px) 100vw, 950px\" \/><\/a><\/p>\n<p><a href=\"http:\/\/st-ar.nl\/\">STAR <\/a>&#8216;Mirador del palmeral de Elche&#8217;<\/p>\n<p><a href=\"http:\/\/www.xpiral.org\/blog\/wp-content\/uploads\/2013\/07\/international-exhibition-Seoul-_KIYFE_comunication2.jpg\"><img loading=\"lazy\" decoding=\"async\" class=\"alignleft size-full wp-image-3332\" title=\"international exhibition Seoul _KIYFE_comunication2\" src=\"http:\/\/www.xpiral.org\/blog\/wp-content\/uploads\/2013\/07\/international-exhibition-Seoul-_KIYFE_comunication2.jpg\" alt=\"\" width=\"950\" height=\"780\" srcset=\"http:\/\/wp3.xpiral.org\/wp-content\/uploads\/2013\/07\/international-exhibition-Seoul-_KIYFE_comunication2.jpg 950w, http:\/\/wp3.xpiral.org\/wp-content\/uploads\/2013\/07\/international-exhibition-Seoul-_KIYFE_comunication2-182x150.jpg 182w, http:\/\/wp3.xpiral.org\/wp-content\/uploads\/2013\/07\/international-exhibition-Seoul-_KIYFE_comunication2-300x246.jpg 300w\" sizes=\"auto, (max-width: 950px) 100vw, 950px\" \/><\/a><\/p>\n<p><a href=\"http:\/\/oficinadeinnovacionpolitica.blogspot.com.es\/\">Oficina de Innovacion Pol\u00edtica<\/a> &#8216;Neverneverland House&#8217;<\/p>\n<p><strong>PUBLICACI\u00d3N <\/strong><\/p>\n<p><a href=\"http:\/\/www.xpiral.org\/blog\/wp-content\/uploads\/2013\/07\/international-exhibition-Seoul-_KIYFE.jpg\"><img loading=\"lazy\" decoding=\"async\" class=\"alignleft size-full wp-image-3325\" title=\"international exhibition Seoul _KIYFE\" src=\"http:\/\/www.xpiral.org\/blog\/wp-content\/uploads\/2013\/07\/international-exhibition-Seoul-_KIYFE.jpg\" alt=\"\" width=\"950\" height=\"550\" srcset=\"http:\/\/wp3.xpiral.org\/wp-content\/uploads\/2013\/07\/international-exhibition-Seoul-_KIYFE.jpg 950w, http:\/\/wp3.xpiral.org\/wp-content\/uploads\/2013\/07\/international-exhibition-Seoul-_KIYFE-259x150.jpg 259w, http:\/\/wp3.xpiral.org\/wp-content\/uploads\/2013\/07\/international-exhibition-Seoul-_KIYFE-300x173.jpg 300w\" sizes=\"auto, (max-width: 950px) 100vw, 950px\" \/><\/a><\/p>\n<p>INVITED ARTIST<br \/>\nAbalos-Sentikiewicz &#8216;High Speed Train Logro\u00f1o&#8217;<br \/>\n+<br \/>\nJavier Pe\u00f1a Galiano &#8216;Torreag\u00fcera Atresados&#8217;<\/p>\n<p><a href=\"http:\/\/www.xpiral.org\/blog\/wp-content\/uploads\/2013\/07\/international-exhibition-Seoul-_KIYFE-3.jpg\"><img loading=\"lazy\" decoding=\"async\" class=\"alignleft size-full wp-image-3322\" title=\"international exhibition Seoul _KIYFE 3\" src=\"http:\/\/www.xpiral.org\/blog\/wp-content\/uploads\/2013\/07\/international-exhibition-Seoul-_KIYFE-3.jpg\" alt=\"\" width=\"950\" height=\"550\" srcset=\"http:\/\/wp3.xpiral.org\/wp-content\/uploads\/2013\/07\/international-exhibition-Seoul-_KIYFE-3.jpg 950w, http:\/\/wp3.xpiral.org\/wp-content\/uploads\/2013\/07\/international-exhibition-Seoul-_KIYFE-3-259x150.jpg 259w, http:\/\/wp3.xpiral.org\/wp-content\/uploads\/2013\/07\/international-exhibition-Seoul-_KIYFE-3-300x173.jpg 300w\" sizes=\"auto, (max-width: 950px) 100vw, 950px\" \/><\/a><\/p>\n<p>INVITED ARTIST<br \/>\nmagicarch &#8216;water tuning&#8217;<br \/>\n+<br \/>\noficina de innovacion pol\u00edtica &#8216;Neverneverland House&#8217;<\/p>\n<p><a href=\"http:\/\/www.xpiral.org\/blog\/wp-content\/uploads\/2013\/07\/international-exhibition-Seoul-_KIYFE-2.jpg\"><img loading=\"lazy\" decoding=\"async\" class=\"alignleft size-full wp-image-3321\" title=\"international exhibition Seoul _KIYFE 2\" src=\"http:\/\/www.xpiral.org\/blog\/wp-content\/uploads\/2013\/07\/international-exhibition-Seoul-_KIYFE-2.jpg\" alt=\"\" width=\"950\" height=\"550\" srcset=\"http:\/\/wp3.xpiral.org\/wp-content\/uploads\/2013\/07\/international-exhibition-Seoul-_KIYFE-2.jpg 950w, http:\/\/wp3.xpiral.org\/wp-content\/uploads\/2013\/07\/international-exhibition-Seoul-_KIYFE-2-259x150.jpg 259w, http:\/\/wp3.xpiral.org\/wp-content\/uploads\/2013\/07\/international-exhibition-Seoul-_KIYFE-2-300x173.jpg 300w\" sizes=\"auto, (max-width: 950px) 100vw, 950px\" \/><\/a><\/p>\n<p>INVITED ARTIST<br \/>\nSTAR &#8216;mirador del palmeral de Elche&#8217;<br \/>\n+<br \/>\nAmid &#8216;Cherry Blossom Pavilion&#8217;<\/p>\n<p><a href=\"http:\/\/www.xpiral.org\/blog\/wp-content\/uploads\/2013\/07\/international-exhibition-Seoul-_KIYFE-5.jpg\"><img loading=\"lazy\" decoding=\"async\" title=\"international exhibition Seoul _KIYFE 5\" src=\"http:\/\/www.xpiral.org\/blog\/wp-content\/uploads\/2013\/07\/international-exhibition-Seoul-_KIYFE-5.jpg\" alt=\"\" width=\"950\" height=\"550\" \/><\/a>SPECIAL PRIZE<br \/>\nDaniel Cano &#8216;Super Eixample&#8217;<br \/>\n+<br \/>\nSergio Corredor &#8216;The city of infraestructures&#8217;<\/p>\n<p><a href=\"http:\/\/www.xpiral.org\/blog\/wp-content\/uploads\/2013\/07\/international-exhibition-Seoul-_KIYFE-4.jpg\"><img loading=\"lazy\" decoding=\"async\" title=\"international exhibition Seoul _KIYFE 4\" src=\"http:\/\/www.xpiral.org\/blog\/wp-content\/uploads\/2013\/07\/international-exhibition-Seoul-_KIYFE-4.jpg\" alt=\"\" width=\"950\" height=\"550\" \/><\/a><\/p>\n<p>SPECIAL PRIZE<br \/>\nRicardo Morcillo &#8216;Highlight&#8217;<br \/>\n+<br \/>\nAntonio Crevillen &#8216;Urban Public Space, Metamorphosis&#8217;<\/p>\n<p><strong>FOTOS EVENTO NOVIEMBRE 2012<br \/>\n<\/strong><\/p>\n<p><a href=\"http:\/\/www.xpiral.org\/blog\/wp-content\/uploads\/2013\/07\/international-exhibition-Seoul-_KIYFE_fotos11.jpg\"><img loading=\"lazy\" decoding=\"async\" class=\"alignleft size-full wp-image-3341\" title=\"international exhibition Seoul _KIYFE_fotos1\" src=\"http:\/\/www.xpiral.org\/blog\/wp-content\/uploads\/2013\/07\/international-exhibition-Seoul-_KIYFE_fotos11.jpg\" alt=\"\" width=\"950\" height=\"354\" srcset=\"http:\/\/wp3.xpiral.org\/wp-content\/uploads\/2013\/07\/international-exhibition-Seoul-_KIYFE_fotos11.jpg 950w, http:\/\/wp3.xpiral.org\/wp-content\/uploads\/2013\/07\/international-exhibition-Seoul-_KIYFE_fotos11-310x115.jpg 310w, http:\/\/wp3.xpiral.org\/wp-content\/uploads\/2013\/07\/international-exhibition-Seoul-_KIYFE_fotos11-300x111.jpg 300w\" sizes=\"auto, (max-width: 950px) 100vw, 950px\" \/><\/a><\/p>\n<p><a href=\"http:\/\/www.xpiral.org\/blog\/wp-content\/uploads\/2013\/07\/international-exhibition-Seoul-_KIYFE_fotos21.jpg\"><img loading=\"lazy\" decoding=\"async\" class=\"alignleft size-full wp-image-3342\" title=\"international exhibition Seoul _KIYFE_fotos2\" src=\"http:\/\/www.xpiral.org\/blog\/wp-content\/uploads\/2013\/07\/international-exhibition-Seoul-_KIYFE_fotos21.jpg\" alt=\"\" width=\"950\" height=\"354\" srcset=\"http:\/\/wp3.xpiral.org\/wp-content\/uploads\/2013\/07\/international-exhibition-Seoul-_KIYFE_fotos21.jpg 950w, http:\/\/wp3.xpiral.org\/wp-content\/uploads\/2013\/07\/international-exhibition-Seoul-_KIYFE_fotos21-310x115.jpg 310w, http:\/\/wp3.xpiral.org\/wp-content\/uploads\/2013\/07\/international-exhibition-Seoul-_KIYFE_fotos21-300x111.jpg 300w\" sizes=\"auto, (max-width: 950px) 100vw, 950px\" \/><\/a><a href=\"http:\/\/www.xpiral.org\/blog\/wp-content\/uploads\/2013\/07\/international-exhibition-Seoul-_KIYFE_fotos31.jpg\"><img loading=\"lazy\" decoding=\"async\" class=\"alignleft size-full wp-image-3343\" title=\"international exhibition Seoul _KIYFE_fotos3\" src=\"http:\/\/www.xpiral.org\/blog\/wp-content\/uploads\/2013\/07\/international-exhibition-Seoul-_KIYFE_fotos31.jpg\" alt=\"\" width=\"950\" height=\"354\" srcset=\"http:\/\/wp3.xpiral.org\/wp-content\/uploads\/2013\/07\/international-exhibition-Seoul-_KIYFE_fotos31.jpg 950w, http:\/\/wp3.xpiral.org\/wp-content\/uploads\/2013\/07\/international-exhibition-Seoul-_KIYFE_fotos31-310x115.jpg 310w, http:\/\/wp3.xpiral.org\/wp-content\/uploads\/2013\/07\/international-exhibition-Seoul-_KIYFE_fotos31-300x111.jpg 300w\" sizes=\"auto, (max-width: 950px) 100vw, 950px\" \/><\/a><a href=\"http:\/\/www.xpiral.org\/blog\/wp-content\/uploads\/2013\/07\/international-exhibition-Seoul-_KIYFE_fotos4.jpg\"><img loading=\"lazy\" decoding=\"async\" class=\"alignleft size-full wp-image-3344\" title=\"international exhibition Seoul _KIYFE_fotos4\" src=\"http:\/\/www.xpiral.org\/blog\/wp-content\/uploads\/2013\/07\/international-exhibition-Seoul-_KIYFE_fotos4.jpg\" alt=\"\" width=\"950\" height=\"354\" srcset=\"http:\/\/wp3.xpiral.org\/wp-content\/uploads\/2013\/07\/international-exhibition-Seoul-_KIYFE_fotos4.jpg 950w, http:\/\/wp3.xpiral.org\/wp-content\/uploads\/2013\/07\/international-exhibition-Seoul-_KIYFE_fotos4-310x115.jpg 310w, http:\/\/wp3.xpiral.org\/wp-content\/uploads\/2013\/07\/international-exhibition-Seoul-_KIYFE_fotos4-300x111.jpg 300w\" sizes=\"auto, (max-width: 950px) 100vw, 950px\" \/><\/a><\/p>\n<p>&nbsp;<\/p>\n<p>&nbsp;<\/p>\n","protected":false},"excerpt":{"rendered":"<p>ART\u00cdSTAS INVITADOS Javier Pe\u00f1a Galiano &#8216;Torreag\u00fcera Atresados&#8217; Magicarch &#8216;Water Tuning&#8217; &nbsp; Abalos-Sentikiewicz &#8216;High Speed Train Logro\u00f1o&#8217; AMID cero9 &#8216;Cherry Tree Pavillion&#8217; STAR &#8216;Mirador del palmeral de Elche&#8217; Oficina de Innovacion Pol\u00edtica &#8216;Neverneverland House&#8217; PUBLICACI\u00d3N INVITED ARTIST Abalos-Sentikiewicz &#8216;High Speed Train Logro\u00f1o&#8217; + Javier Pe\u00f1a Galiano &#8216;Torreag\u00fcera Atresados&#8217; INVITED ARTIST magicarch &#8216;water tuning&#8217; + oficina de [&hellip;]<\/p>\n","protected":false},"author":1,"featured_media":3336,"comment_status":"open","ping_status":"open","sticky":false,"template":"","format":"standard","meta":{"footnotes":""},"categories":[6],"tags":[57,58,22],"class_list":["post-3320","post","type-post","status-publish","format-standard","has-post-thumbnail","hentry","category-exposiciones","tag-kiyfe","tag-seul","tag-torreaguera-atresados"],"_links":{"self":[{"href":"http:\/\/wp3.xpiral.org\/index.php?rest_route=\/wp\/v2\/posts\/3320","targetHints":{"allow":["GET"]}}],"collection":[{"href":"http:\/\/wp3.xpiral.org\/index.php?rest_route=\/wp\/v2\/posts"}],"about":[{"href":"http:\/\/wp3.xpiral.org\/index.php?rest_route=\/wp\/v2\/types\/post"}],"author":[{"embeddable":true,"href":"http:\/\/wp3.xpiral.org\/index.php?rest_route=\/wp\/v2\/users\/1"}],"replies":[{"embeddable":true,"href":"http:\/\/wp3.xpiral.org\/index.php?rest_route=%2Fwp%2Fv2%2Fcomments&post=3320"}],"version-history":[{"count":5,"href":"http:\/\/wp3.xpiral.org\/index.php?rest_route=\/wp\/v2\/posts\/3320\/revisions"}],"predecessor-version":[{"id":3338,"href":"http:\/\/wp3.xpiral.org\/index.php?rest_route=\/wp\/v2\/posts\/3320\/revisions\/3338"}],"wp:featuredmedia":[{"embeddable":true,"href":"http:\/\/wp3.xpiral.org\/index.php?rest_route=\/wp\/v2\/media\/3336"}],"wp:attachment":[{"href":"http:\/\/wp3.xpiral.org\/index.php?rest_route=%2Fwp%2Fv2%2Fmedia&parent=3320"}],"wp:term":[{"taxonomy":"category","embeddable":true,"href":"http:\/\/wp3.xpiral.org\/index.php?rest_route=%2Fwp%2Fv2%2Fcategories&post=3320"},{"taxonomy":"post_tag","embeddable":true,"href":"http:\/\/wp3.xpiral.org\/index.php?rest_route=%2Fwp%2Fv2%2Ftags&post=3320"}],"curies":[{"name":"wp","href":"https:\/\/api.w.org\/{rel}","templated":true}]}}