{"id":336,"date":"2010-07-16T17:44:27","date_gmt":"2010-07-16T17:44:27","guid":{"rendered":"http:\/\/arquitecturaxpiral.wordpress.com\/?p=336"},"modified":"2011-09-15T08:55:21","modified_gmt":"2011-09-15T08:55:21","slug":"fabricando-paisajes-3-pfc-para-manufacturar-el-patrimonio-de-alcoy","status":"publish","type":"post","link":"http:\/\/wp3.xpiral.org\/?p=336","title":{"rendered":"FABRICANDO PAISAJES: 3 PFC PARA MANUFACTURAR EL PATRIMONIO DE ALCOY"},"content":{"rendered":"<p style=\"text-align: justify;\"><img loading=\"lazy\" decoding=\"async\" class=\"alignleft size-full wp-image-337\" title=\"exalicante copy\" src=\"http:\/\/arquitecturaxpiral.files.wordpress.com\/2010\/07\/exalicante-copy.jpg\" alt=\"\" width=\"722\" height=\"295\" \/><\/p>\n<p style=\"text-align: justify;\">&nbsp;<\/p>\n<p style=\"text-align: justify;\">&nbsp;<\/p>\n<p style=\"text-align: justify;\">&nbsp;<\/p>\n<p style=\"text-align: justify;\">&nbsp;<\/p>\n<p style=\"text-align: justify;\">&nbsp;<\/p>\n<p style=\"text-align: justify;\">&nbsp;<\/p>\n<p style=\"text-align: justify;\">&nbsp;<\/p>\n<p style=\"text-align: justify;\">&nbsp;<\/p>\n<p style=\"text-align: justify;\">&nbsp;<\/p>\n<p style=\"text-align: justify;\">Hoy viernes 16 de julio a las 20:00h tendr\u00e1 lugar en las Sede Social Demarcaci\u00f3n de Alcoy del CTAA la inauguraci\u00f3n de las exposici\u00f3n de tres proyectos fin de carrera realizados en la Universidad de Alicante.<\/p>\n<p style=\"text-align: justify;\"><!--more-->La presentaci\u00f3n ser\u00e1 llevada a cabo por Javier Pe\u00f1a profesor de PFC en Alicante, y los proyectos presentados est\u00e1n ubicados en Alcoy y plantean una nueva forma de entender el paisaje de Alcoy.\u00a0 Los proyectos son los siguientes:<\/p>\n<p>MELIA VILAPLANA, ARQUITECTA | EMPLAZAMIENTO: EL MOLINAR<br \/>\nDOLORES MOLT\u00d3, ARQUITECTA | EMPLAZAMIENTO: MANZANA \u201cRODES &amp; HERMANOS\u201d<br \/>\nMAR\u00cdA GISBERT, ARQUITECTA | EMPLAZAMIENTO: FUENTE ROJA<\/p>\n","protected":false},"excerpt":{"rendered":"<p>&nbsp; &nbsp; &nbsp; &nbsp; &nbsp; &nbsp; &nbsp; &nbsp; &nbsp; Hoy viernes 16 de julio a las 20:00h tendr\u00e1 lugar en las Sede Social Demarcaci\u00f3n de Alcoy del CTAA la inauguraci\u00f3n de las exposici\u00f3n de tres proyectos fin de carrera realizados en la Universidad de Alicante.<\/p>\n","protected":false},"author":1,"featured_media":1877,"comment_status":"open","ping_status":"open","sticky":false,"template":"","format":"standard","meta":{"footnotes":""},"categories":[5],"tags":[],"class_list":["post-336","post","type-post","status-publish","format-standard","has-post-thumbnail","hentry","category-conferencias"],"_links":{"self":[{"href":"http:\/\/wp3.xpiral.org\/index.php?rest_route=\/wp\/v2\/posts\/336","targetHints":{"allow":["GET"]}}],"collection":[{"href":"http:\/\/wp3.xpiral.org\/index.php?rest_route=\/wp\/v2\/posts"}],"about":[{"href":"http:\/\/wp3.xpiral.org\/index.php?rest_route=\/wp\/v2\/types\/post"}],"author":[{"embeddable":true,"href":"http:\/\/wp3.xpiral.org\/index.php?rest_route=\/wp\/v2\/users\/1"}],"replies":[{"embeddable":true,"href":"http:\/\/wp3.xpiral.org\/index.php?rest_route=%2Fwp%2Fv2%2Fcomments&post=336"}],"version-history":[{"count":5,"href":"http:\/\/wp3.xpiral.org\/index.php?rest_route=\/wp\/v2\/posts\/336\/revisions"}],"predecessor-version":[{"id":1878,"href":"http:\/\/wp3.xpiral.org\/index.php?rest_route=\/wp\/v2\/posts\/336\/revisions\/1878"}],"wp:featuredmedia":[{"embeddable":true,"href":"http:\/\/wp3.xpiral.org\/index.php?rest_route=\/wp\/v2\/media\/1877"}],"wp:attachment":[{"href":"http:\/\/wp3.xpiral.org\/index.php?rest_route=%2Fwp%2Fv2%2Fmedia&parent=336"}],"wp:term":[{"taxonomy":"category","embeddable":true,"href":"http:\/\/wp3.xpiral.org\/index.php?rest_route=%2Fwp%2Fv2%2Fcategories&post=336"},{"taxonomy":"post_tag","embeddable":true,"href":"http:\/\/wp3.xpiral.org\/index.php?rest_route=%2Fwp%2Fv2%2Ftags&post=336"}],"curies":[{"name":"wp","href":"https:\/\/api.w.org\/{rel}","templated":true}]}}