{"id":531,"date":"2007-09-21T11:10:43","date_gmt":"2007-09-21T11:10:43","guid":{"rendered":"http:\/\/arquitecturaxpiral.wordpress.com\/?p=531"},"modified":"2011-09-14T12:11:24","modified_gmt":"2011-09-14T12:11:24","slug":"xiv-edicion-de-los-premios-de-arquitectura-region-de-murcia","status":"publish","type":"post","link":"http:\/\/wp3.xpiral.org\/?p=531","title":{"rendered":"XIV Edici\u00f3n de los Premios de Arquitectura Regi\u00f3n de\u00a0Murcia"},"content":{"rendered":"<p><a href=\"http:\/\/www.xpiral.org\/blog\/wp-content\/uploads\/2007\/09\/XIV-PREMIOS-DE-ARQUITECTURA1.jpg\"><img loading=\"lazy\" decoding=\"async\" class=\"alignleft size-full wp-image-1873\" title=\"XIV PREMIOS DE ARQUITECTURA\" src=\"http:\/\/www.xpiral.org\/blog\/wp-content\/uploads\/2007\/09\/XIV-PREMIOS-DE-ARQUITECTURA1.jpg\" alt=\"\" width=\"950\" height=\"354\" srcset=\"http:\/\/wp3.xpiral.org\/wp-content\/uploads\/2007\/09\/XIV-PREMIOS-DE-ARQUITECTURA1.jpg 950w, http:\/\/wp3.xpiral.org\/wp-content\/uploads\/2007\/09\/XIV-PREMIOS-DE-ARQUITECTURA1-310x115.jpg 310w, http:\/\/wp3.xpiral.org\/wp-content\/uploads\/2007\/09\/XIV-PREMIOS-DE-ARQUITECTURA1-300x111.jpg 300w\" sizes=\"auto, (max-width: 950px) 100vw, 950px\" \/><\/a><\/p>\n<h5><strong> <\/strong><\/h5>\n<h5><strong>TITULO: <\/strong>XIV Edici\u00f3n de los Premios de Arquitectura Regi\u00f3n de Murcia<\/h5>\n<p>PREMIOS: Casa de los Pinos<\/p>\n<p>MENCIONES: Farmacia Garc\u00eda-Esta\u00f1<\/p>\n<p>MENCI\u00d3N ESPECIAL: Taller Murcia 2.0 la ciudad Maclada<\/p>\n<p>OTROS PROYECTOS REPRESENTADOS: Reforma y Ampliaci\u00f3n del Club N\u00e1utico de Lo Pagan, Oficinas y Almacenes para TARBAL FOOD ENGINNEERING, Viviendas entre Medianeras en Vistalegre, Casa mirador de Agridulce, Zagu\u00e1n en la casa de los 9 Pisos, Zagu\u00e1n en Vistabella, Oficina Tec\u00f3n Joven, Escaparate de Navidad para QUARTA, Mobiliario contempor\u00e1neo, Boda de Avelino y lu\u00eds.<\/p>\n<p><strong>AUTOR: <\/strong>Javier Pe\u00f1a Galiano<\/p>\n<p><strong>A\u00d1O:<\/strong> 2007<\/p>\n","protected":false},"excerpt":{"rendered":"<p>TITULO: XIV Edici\u00f3n de los Premios de Arquitectura Regi\u00f3n de Murcia PREMIOS: Casa de los Pinos MENCIONES: Farmacia Garc\u00eda-Esta\u00f1 MENCI\u00d3N ESPECIAL: Taller Murcia 2.0 la ciudad Maclada OTROS PROYECTOS REPRESENTADOS: Reforma y Ampliaci\u00f3n del Club N\u00e1utico de Lo Pagan, Oficinas y Almacenes para TARBAL FOOD ENGINNEERING, Viviendas entre Medianeras en Vistalegre, Casa mirador de Agridulce, [&hellip;]<\/p>\n","protected":false},"author":1,"featured_media":1871,"comment_status":"open","ping_status":"open","sticky":false,"template":"","format":"standard","meta":{"footnotes":""},"categories":[8],"tags":[],"class_list":["post-531","post","type-post","status-publish","format-standard","has-post-thumbnail","hentry","category-premios"],"_links":{"self":[{"href":"http:\/\/wp3.xpiral.org\/index.php?rest_route=\/wp\/v2\/posts\/531","targetHints":{"allow":["GET"]}}],"collection":[{"href":"http:\/\/wp3.xpiral.org\/index.php?rest_route=\/wp\/v2\/posts"}],"about":[{"href":"http:\/\/wp3.xpiral.org\/index.php?rest_route=\/wp\/v2\/types\/post"}],"author":[{"embeddable":true,"href":"http:\/\/wp3.xpiral.org\/index.php?rest_route=\/wp\/v2\/users\/1"}],"replies":[{"embeddable":true,"href":"http:\/\/wp3.xpiral.org\/index.php?rest_route=%2Fwp%2Fv2%2Fcomments&post=531"}],"version-history":[{"count":5,"href":"http:\/\/wp3.xpiral.org\/index.php?rest_route=\/wp\/v2\/posts\/531\/revisions"}],"predecessor-version":[{"id":1874,"href":"http:\/\/wp3.xpiral.org\/index.php?rest_route=\/wp\/v2\/posts\/531\/revisions\/1874"}],"wp:featuredmedia":[{"embeddable":true,"href":"http:\/\/wp3.xpiral.org\/index.php?rest_route=\/wp\/v2\/media\/1871"}],"wp:attachment":[{"href":"http:\/\/wp3.xpiral.org\/index.php?rest_route=%2Fwp%2Fv2%2Fmedia&parent=531"}],"wp:term":[{"taxonomy":"category","embeddable":true,"href":"http:\/\/wp3.xpiral.org\/index.php?rest_route=%2Fwp%2Fv2%2Fcategories&post=531"},{"taxonomy":"post_tag","embeddable":true,"href":"http:\/\/wp3.xpiral.org\/index.php?rest_route=%2Fwp%2Fv2%2Ftags&post=531"}],"curies":[{"name":"wp","href":"https:\/\/api.w.org\/{rel}","templated":true}]}}