{"id":708,"date":"2010-11-22T17:42:53","date_gmt":"2010-11-22T17:42:53","guid":{"rendered":"http:\/\/www.xpiral.org\/blog\/?p=708"},"modified":"2011-09-12T12:44:41","modified_gmt":"2011-09-12T12:44:41","slug":"conferencia-de-arquitectura-tierra-martes-30-de-noviembre","status":"publish","type":"post","link":"http:\/\/wp3.xpiral.org\/?p=708","title":{"rendered":"CONFERENCIA DE ARQUITECTURA &#8220;TIERRA&#8221;"},"content":{"rendered":"<p><a href=\"http:\/\/www.xpiral.org\/blog\/wp-content\/uploads\/2010\/11\/conferencia-Valencia1.jpg\"><img loading=\"lazy\" decoding=\"async\" class=\"alignleft size-full wp-image-1803\" title=\"conferencia Valencia\" src=\"http:\/\/www.xpiral.org\/blog\/wp-content\/uploads\/2010\/11\/conferencia-Valencia1.jpg\" alt=\"\" width=\"950\" height=\"354\" srcset=\"http:\/\/wp3.xpiral.org\/wp-content\/uploads\/2010\/11\/conferencia-Valencia1.jpg 950w, http:\/\/wp3.xpiral.org\/wp-content\/uploads\/2010\/11\/conferencia-Valencia1-310x115.jpg 310w, http:\/\/wp3.xpiral.org\/wp-content\/uploads\/2010\/11\/conferencia-Valencia1-300x111.jpg 300w\" sizes=\"auto, (max-width: 950px) 100vw, 950px\" \/><\/a><\/p>\n<p style=\"text-align: justify;\">La Escuela\u00a0 T\u00e9cnica Superior de Arquitectura de Valencia ha organizado una conferencia el pr\u00f3ximo martes 30 de Noviembre a las 12: 30. La conferencia forma parte del Workshop que la C\u00e1tedra Cer\u00e1mica ha organizado. Tendr\u00e1 lugar en la sala de proyecciones ETSA UPU y la presentar\u00e1 el director de la C\u00e1tedra Cer\u00e1mica Eduardo de Miguel.<\/p>\n<p style=\"text-align: justify;\">M\u00e1s informaci\u00f3n en:\u00a0<a title=\"Conferencia\" href=\"http:\/\/www.upv.es\/noticias-upv\/noticia-4226-catedra-ceramic-es.html\"> <strong>C\u00e1tedra Cer\u00e1mica<\/strong><\/a><\/p>\n","protected":false},"excerpt":{"rendered":"<p>La Escuela\u00a0 T\u00e9cnica Superior de Arquitectura de Valencia ha organizado una conferencia el pr\u00f3ximo martes 30 de Noviembre a las 12: 30. La conferencia forma parte del Workshop que la C\u00e1tedra Cer\u00e1mica ha organizado. Tendr\u00e1 lugar en la sala de proyecciones ETSA UPU y la presentar\u00e1 el director de la C\u00e1tedra Cer\u00e1mica Eduardo de Miguel. [&hellip;]<\/p>\n","protected":false},"author":1,"featured_media":1804,"comment_status":"open","ping_status":"open","sticky":false,"template":"","format":"standard","meta":{"footnotes":""},"categories":[5],"tags":[],"class_list":["post-708","post","type-post","status-publish","format-standard","has-post-thumbnail","hentry","category-conferencias"],"_links":{"self":[{"href":"http:\/\/wp3.xpiral.org\/index.php?rest_route=\/wp\/v2\/posts\/708","targetHints":{"allow":["GET"]}}],"collection":[{"href":"http:\/\/wp3.xpiral.org\/index.php?rest_route=\/wp\/v2\/posts"}],"about":[{"href":"http:\/\/wp3.xpiral.org\/index.php?rest_route=\/wp\/v2\/types\/post"}],"author":[{"embeddable":true,"href":"http:\/\/wp3.xpiral.org\/index.php?rest_route=\/wp\/v2\/users\/1"}],"replies":[{"embeddable":true,"href":"http:\/\/wp3.xpiral.org\/index.php?rest_route=%2Fwp%2Fv2%2Fcomments&post=708"}],"version-history":[{"count":12,"href":"http:\/\/wp3.xpiral.org\/index.php?rest_route=\/wp\/v2\/posts\/708\/revisions"}],"predecessor-version":[{"id":1806,"href":"http:\/\/wp3.xpiral.org\/index.php?rest_route=\/wp\/v2\/posts\/708\/revisions\/1806"}],"wp:featuredmedia":[{"embeddable":true,"href":"http:\/\/wp3.xpiral.org\/index.php?rest_route=\/wp\/v2\/media\/1804"}],"wp:attachment":[{"href":"http:\/\/wp3.xpiral.org\/index.php?rest_route=%2Fwp%2Fv2%2Fmedia&parent=708"}],"wp:term":[{"taxonomy":"category","embeddable":true,"href":"http:\/\/wp3.xpiral.org\/index.php?rest_route=%2Fwp%2Fv2%2Fcategories&post=708"},{"taxonomy":"post_tag","embeddable":true,"href":"http:\/\/wp3.xpiral.org\/index.php?rest_route=%2Fwp%2Fv2%2Ftags&post=708"}],"curies":[{"name":"wp","href":"https:\/\/api.w.org\/{rel}","templated":true}]}}